{"id":536,"date":"2022-02-14T13:15:00","date_gmt":"2022-02-14T16:15:00","guid":{"rendered":"https:\/\/desenvolvimento.midiasim.net.br\/relatorioanual\/?p=536"},"modified":"2022-03-31T15:01:58","modified_gmt":"2022-03-31T18:01:58","slug":"celebrando-as-conquistas","status":"publish","type":"post","link":"https:\/\/coopcargill.com.br\/relatorioanual\/celebrando-as-conquistas\/","title":{"rendered":"Celebrando as Conquistas"},"content":{"rendered":"\n<p style=\"font-size:15px\">Em 2021 foram muitas novidades e mudan\u00e7as! Conhe\u00e7a as principais delas:<\/p>\n\n\n\n<div class=\"wp-block-columns is-layout-flex wp-container-core-columns-is-layout-9d6595d7 wp-block-columns-is-layout-flex\">\n<div class=\"wp-block-column is-layout-flow wp-block-column-is-layout-flow\" style=\"flex-basis:470px\">\n<h2 class=\"wp-block-heading\" id=\"tac-taxa-de-abertura-de-credito\"><strong>TAC \u2013 Taxa de abertura de Cr\u00e9dito.<\/strong><\/h2>\n\n\n\n<p style=\"font-size:15px\">A partir de janeiro 2021, a CoopCargill come\u00e7ou a oferecer empr\u00e9stimos livres da Taxa de Abertura de Cr\u00e9dito, referente a 1% do valor emprestado (limitada a R$ 50,00).<\/p>\n\n\n\n<p style=\"font-size:15px\">Esse foi um passo importante para viabilizar empr\u00e9stimos ainda mais vantajosos aos Cooperados que desejam concretizar seus sonhos.<\/p>\n<\/div>\n\n\n\n<div class=\"wp-block-column is-layout-flow wp-block-column-is-layout-flow\" style=\"flex-basis:224px\">\n<div class=\"wp-block-image is-style-default\"><figure class=\"alignright size-full is-resized\"><img loading=\"lazy\" decoding=\"async\" src=\"https:\/\/desenvolvimento.midiasim.net.br\/relatorioanual\/wp-content\/uploads\/2022\/03\/banner_580x580px.png\" alt=\"\" class=\"wp-image-911\" width=\"270\" height=\"301\"\/><\/figure><\/div>\n<\/div>\n<\/div>\n\n\n\n<div class=\"wp-block-columns is-layout-flex wp-container-core-columns-is-layout-9d6595d7 wp-block-columns-is-layout-flex\">\n<div class=\"wp-block-column is-layout-flow wp-block-column-is-layout-flow\"><\/div>\n<\/div>\n\n\n\n<div class=\"wp-block-columns is-layout-flex wp-container-core-columns-is-layout-9d6595d7 wp-block-columns-is-layout-flex\">\n<div class=\"wp-block-column is-vertically-aligned-top is-layout-flow wp-block-column-is-layout-flow\" style=\"flex-basis:260px\">\n<div class=\"wp-block-image\"><figure class=\"alignleft size-full is-resized\"><img loading=\"lazy\" decoding=\"async\" src=\"https:\/\/desenvolvimento.midiasim.net.br\/relatorioanual\/wp-content\/uploads\/2022\/03\/materia_580x580.png\" alt=\"\" class=\"wp-image-913\" width=\"270\" height=\"270\"\/><\/figure><\/div>\n<\/div>\n\n\n\n<div class=\"wp-block-column is-layout-flow wp-block-column-is-layout-flow\" style=\"flex-basis:470px\">\n<h2 class=\"wp-block-heading\" id=\"campanha-de-28-anos-quiz-da-coopcargill\"><strong>Campanha de 29 anos \u2013 ANIVERS\u00c1RIO \u00c9 PARA SOMAR!<\/strong><\/h2>\n\n\n\n<p style=\"font-size:15px\">Em fevereiro, marcamos uma data importante para a nossa cooperativa: mais um ano de colabora\u00e7\u00e3o, conquistas e promo\u00e7\u00e3o da sa\u00fade financeira.<\/p>\n\n\n\n<p style=\"font-size:15px\">Em 2021, nosso anivers\u00e1rio veio acompanhado de uma grande CAMPANHA DE ADES\u00c3O, na qual cada novo Cooperado indicado por um Cooperado tinha a chance de ganhar um pr\u00eamio de at\u00e9 R$ 1.000,00. A comemora\u00e7\u00e3o foi um sucesso.<\/p>\n<\/div>\n<\/div>\n\n\n\n<div class=\"wp-block-columns is-layout-flex wp-container-core-columns-is-layout-9d6595d7 wp-block-columns-is-layout-flex\">\n<div class=\"wp-block-column is-layout-flow wp-block-column-is-layout-flow\"><\/div>\n<\/div>\n\n\n\n<div class=\"wp-block-columns is-layout-flex wp-container-core-columns-is-layout-9d6595d7 wp-block-columns-is-layout-flex\">\n<div class=\"wp-block-column is-layout-flow wp-block-column-is-layout-flow\" style=\"flex-basis:66.6%\">\n<h2 class=\"wp-block-heading\" id=\"ura-atendimento\"><strong>Treinamento Delegados<\/strong><\/h2>\n\n\n\n<p style=\"font-size:15px\">Pensando em melhorar e otimizar o atendimento, a C<\/p>\n\n\n\n<p style=\"font-size:15px\">Em 2021 realizamos o primeiro treinamento para delegados da CoopCargill. A palestra de forma\u00e7\u00e3o aconteceu no dia 24\/02, e abordou temas importantes para o desempenho da fun\u00e7\u00e3o, como o que \u00e9 o Cooperativismo, como funciona a governan\u00e7a corporativa, os aspectos legais, atribui\u00e7\u00f5es e responsabilidades dos delegados, al\u00e9m de v\u00e1rios t\u00f3picos importantes para o bom desenvolvimento dos trabalhos.<\/p>\n\n\n\n<p style=\"font-size:15px\">Parabenizamos todos os delegados que cumpriram seu treinamento. A CoopCargill estar\u00e1 sempre buscando inova\u00e7\u00f5es e aprimoramento profissional para os seus funcion\u00e1rios e para os Cooperados.<\/p>\n<\/div>\n\n\n\n<div class=\"wp-block-column is-vertically-aligned-top is-layout-flow wp-block-column-is-layout-flow\">\n<div class=\"wp-block-image\"><figure class=\"alignright size-full is-resized\"><img loading=\"lazy\" decoding=\"async\" src=\"https:\/\/desenvolvimento.midiasim.net.br\/relatorioanual\/wp-content\/uploads\/2022\/02\/IMAGEM-Treinamento_CARGILL-223.png\" alt=\"\" class=\"wp-image-941\" width=\"270\" height=\"258\"\/><\/figure><\/div>\n<\/div>\n<\/div>\n\n\n\n<div class=\"wp-block-columns is-layout-flex wp-container-core-columns-is-layout-9d6595d7 wp-block-columns-is-layout-flex\">\n<div class=\"wp-block-column is-layout-flow wp-block-column-is-layout-flow\"><\/div>\n<\/div>\n\n\n\n<div class=\"wp-block-columns is-layout-flex wp-container-core-columns-is-layout-9d6595d7 wp-block-columns-is-layout-flex\">\n<div class=\"wp-block-column is-layout-flow wp-block-column-is-layout-flow\" style=\"flex-basis:33.33%\">\n<div class=\"wp-block-image\"><figure class=\"alignright size-full\"><img loading=\"lazy\" decoding=\"async\" width=\"580\" height=\"580\" src=\"https:\/\/desenvolvimento.midiasim.net.br\/relatorioanual\/wp-content\/uploads\/2022\/02\/2021_06_21_rdc-2_580x580px.jpg\" alt=\"\" class=\"wp-image-917\"\/><\/figure><\/div>\n<\/div>\n\n\n\n<div class=\"wp-block-column is-layout-flow wp-block-column-is-layout-flow\" style=\"flex-basis:66.66%\">\n<h2 class=\"wp-block-heading\" id=\"rdc\"><strong>RDC<\/strong><\/h2>\n\n\n\n<p style=\"font-size:15px\">Em 2021, nossos Cooperados tiveram a oportunidade de investir no RDC CoopCargill, com rendimentos de 150% do CDI.<\/p>\n\n\n\n<p style=\"font-size:15px\">O Recibo Dep\u00f3sito Cooperativo (RDC) \u00e9 um produto de investimento da CoopCargill. S\u00e3o rendimentos com cerca de 150% do CDI, superior aos do mercado, com mais seguran\u00e7a, liquidez di\u00e1ria e taxa de administra\u00e7\u00e3o zero.<\/p>\n\n\n\n<p style=\"font-size:15px\">Foram solicitadas 605 inscri\u00e7\u00f5es para investir no RDC, das quais 246 se tornaram aplicadores. Um total de R$ 4.315.723,43 foram aplicados.<\/p>\n<\/div>\n<\/div>\n\n\n\n<div class=\"wp-block-columns is-layout-flex wp-container-core-columns-is-layout-9d6595d7 wp-block-columns-is-layout-flex\">\n<div class=\"wp-block-column is-layout-flow wp-block-column-is-layout-flow\"><\/div>\n<\/div>\n\n\n\n<div class=\"wp-block-columns is-layout-flex wp-container-core-columns-is-layout-9d6595d7 wp-block-columns-is-layout-flex\">\n<div class=\"wp-block-column is-layout-flow wp-block-column-is-layout-flow\" style=\"flex-basis:470px\">\n<h2 class=\"wp-block-heading\"><strong>Altera\u00e7\u00e3o na Pol\u00edtica de Cr\u00e9dito<\/strong><\/h2>\n\n\n\n<p style=\"font-size:15px\">Em 2021, a CoopCargill liberou uma super novidade:<br>cr\u00e9dito pr\u00e9-aprovado.<\/p>\n\n\n\n<p style=\"font-size:15px\">Todos os Cooperados CoopCargill t\u00eam cr\u00e9dito pr\u00e9-aprovado para empr\u00e9stimos desde 2021, desde os mais antigos at\u00e9 aqueles que acabaram de se tornar Cooperados. Esta \u00e9 uma mudan\u00e7a importante e super positiva para todos, que visa facilitar a obten\u00e7\u00e3o de cr\u00e9dito para todos. O valor \u00e9 de at\u00e9 5x o valor do seu capital ou at\u00e9 3x o valor do sal\u00e1rio, limitado a 15 mil e parcela limitada a 25% do sal\u00e1rio nominal*. \u00c9 necess\u00e1rio integralizar a primeira conta no capital.<\/p>\n\n\n\n<p style=\"font-size:15px\">\u00c9 a CoopCargill pensando em voc\u00ea em todos os passos.<\/p>\n<\/div>\n\n\n\n<div class=\"wp-block-column is-layout-flow wp-block-column-is-layout-flow\">\n<div class=\"wp-block-image\"><figure class=\"alignright size-full is-resized\"><img decoding=\"async\" src=\"https:\/\/desenvolvimento.midiasim.net.br\/relatorioanual\/wp-content\/uploads\/2022\/02\/2021_07_01_atualizacao-politica-credito-580x580px.jpg\" alt=\"\" class=\"wp-image-918\" width=\"270\"\/><\/figure><\/div>\n<\/div>\n<\/div>\n\n\n\n<div class=\"wp-block-columns is-layout-flex wp-container-core-columns-is-layout-9d6595d7 wp-block-columns-is-layout-flex\">\n<div class=\"wp-block-column is-layout-flow wp-block-column-is-layout-flow\"><\/div>\n<\/div>\n\n\n\n<div class=\"wp-block-columns is-layout-flex wp-container-core-columns-is-layout-9d6595d7 wp-block-columns-is-layout-flex\">\n<div class=\"wp-block-column is-layout-flow wp-block-column-is-layout-flow\">\n<figure class=\"wp-block-image size-large\"><img loading=\"lazy\" decoding=\"async\" width=\"1024\" height=\"104\" src=\"https:\/\/desenvolvimento.midiasim.net.br\/relatorioanual\/wp-content\/uploads\/2022\/02\/SITE-CoopCredito2_22-1024x104.png\" alt=\"\" class=\"wp-image-927\" srcset=\"https:\/\/coopcargill.com.br\/relatorioanual\/wp-content\/uploads\/2022\/02\/SITE-CoopCredito2_22-1024x104.png 1024w, https:\/\/coopcargill.com.br\/relatorioanual\/wp-content\/uploads\/2022\/02\/SITE-CoopCredito2_22-800x81.png 800w, https:\/\/coopcargill.com.br\/relatorioanual\/wp-content\/uploads\/2022\/02\/SITE-CoopCredito2_22-768x78.png 768w, https:\/\/coopcargill.com.br\/relatorioanual\/wp-content\/uploads\/2022\/02\/SITE-CoopCredito2_22-1536x155.png 1536w, https:\/\/coopcargill.com.br\/relatorioanual\/wp-content\/uploads\/2022\/02\/SITE-CoopCredito2_22.png 2006w\" sizes=\"auto, (max-width: 1024px) 100vw, 1024px\" \/><\/figure>\n<\/div>\n<\/div>\n\n\n\n<div class=\"wp-block-columns is-layout-flex wp-container-core-columns-is-layout-9d6595d7 wp-block-columns-is-layout-flex\">\n<div class=\"wp-block-column is-layout-flow wp-block-column-is-layout-flow\"><\/div>\n<\/div>\n\n\n\n<div class=\"wp-block-columns is-layout-flex wp-container-core-columns-is-layout-9d6595d7 wp-block-columns-is-layout-flex\">\n<div class=\"wp-block-column is-vertically-aligned-center is-layout-flow wp-block-column-is-layout-flow\">\n<div class=\"wp-block-image\"><figure class=\"alignleft size-large is-resized\"><img loading=\"lazy\" decoding=\"async\" src=\"https:\/\/desenvolvimento.midiasim.net.br\/relatorioanual\/wp-content\/uploads\/2022\/02\/shutterstock_1859124007-1024x683.jpg\" alt=\"\" class=\"wp-image-919\" width=\"337\" height=\"226\" srcset=\"https:\/\/coopcargill.com.br\/relatorioanual\/wp-content\/uploads\/2022\/02\/shutterstock_1859124007-1024x683.jpg 1024w, https:\/\/coopcargill.com.br\/relatorioanual\/wp-content\/uploads\/2022\/02\/shutterstock_1859124007-800x534.jpg 800w, https:\/\/coopcargill.com.br\/relatorioanual\/wp-content\/uploads\/2022\/02\/shutterstock_1859124007-768x512.jpg 768w, https:\/\/coopcargill.com.br\/relatorioanual\/wp-content\/uploads\/2022\/02\/shutterstock_1859124007-1536x1025.jpg 1536w, https:\/\/coopcargill.com.br\/relatorioanual\/wp-content\/uploads\/2022\/02\/shutterstock_1859124007-2048x1366.jpg 2048w\" sizes=\"auto, (max-width: 337px) 100vw, 337px\" \/><\/figure><\/div>\n<\/div>\n\n\n\n<div class=\"wp-block-column is-layout-flow wp-block-column-is-layout-flow\" style=\"flex-basis:470px\">\n<h2 class=\"wp-block-heading\" id=\"cashback\"><strong>Seguran\u00e7a nas opera\u00e7\u00f5es realizadas pelo Cooperado.<\/strong><\/h2>\n\n\n\n<p style=\"font-size:15px\">Para melhorar a seguran\u00e7a nas opera\u00e7\u00f5es realizadas, instauramos em 2021 um novo sistema de autentica\u00e7\u00e3o, que refor\u00e7a a sua prote\u00e7\u00e3o e os seus dados. Nele, voc\u00ea efetua seu login e senha, e no final da opera\u00e7\u00e3o recebe um c\u00f3digo por sms no seu celular, que \u00e9 utilizado para confirmar<br>a opera\u00e7\u00e3o.<\/p>\n\n\n\n<p style=\"font-size:15px\">Muito mais seguran\u00e7a e tecnologia para voc\u00ea.<\/p>\n<\/div>\n<\/div>\n\n\n\n<div class=\"wp-block-columns is-layout-flex wp-container-core-columns-is-layout-9d6595d7 wp-block-columns-is-layout-flex\">\n<div class=\"wp-block-column is-layout-flow wp-block-column-is-layout-flow\"><\/div>\n<\/div>\n\n\n\n<div class=\"wp-block-columns is-layout-flex wp-container-core-columns-is-layout-9d6595d7 wp-block-columns-is-layout-flex\">\n<div class=\"wp-block-column is-layout-flow wp-block-column-is-layout-flow\">\n<div class=\"wp-block-image\"><figure class=\"alignleft size-large is-resized\"><img loading=\"lazy\" decoding=\"async\" src=\"https:\/\/desenvolvimento.midiasim.net.br\/relatorioanual\/wp-content\/uploads\/2022\/02\/shutterstock_593389664-1024x620.jpg\" alt=\"\" class=\"wp-image-920\" width=\"340\" height=\"204\"\/><\/figure><\/div>\n<\/div>\n\n\n\n<div class=\"wp-block-column is-layout-flow wp-block-column-is-layout-flow\" style=\"flex-basis:470px\">\n<h2 class=\"wp-block-heading\" id=\"ago-2019\"><strong>Planejamento Estrat\u00e9gico<\/strong><\/h2>\n\n\n\n<p style=\"font-size:15px\">Nos dias 11,12 e 13 de agosto realizamos um treinamento e planejamento estrat\u00e9gico com o nosso time de funcion\u00e1rios, diretoria, conselho de administra\u00e7\u00e3o e fiscal.. A forma\u00e7\u00e3o visa aprimorar ainda mais os nossos processos internos, melhorar nossos \u00edndices e a gest\u00e3o da Cooperativa, a fim de entregar uma CoopCargill cada vez melhor para voc\u00ea, nosso Cooperado.<\/p>\n<\/div>\n<\/div>\n\n\n\n<div class=\"wp-block-columns is-layout-flex wp-container-core-columns-is-layout-9d6595d7 wp-block-columns-is-layout-flex\">\n<div class=\"wp-block-column is-layout-flow wp-block-column-is-layout-flow\"><\/div>\n<\/div>\n\n\n\n<div class=\"wp-block-columns is-layout-flex wp-container-core-columns-is-layout-9d6595d7 wp-block-columns-is-layout-flex\">\n<div class=\"wp-block-column is-layout-flow wp-block-column-is-layout-flow\" style=\"flex-basis:470px\">\n<h2 class=\"wp-block-heading\" id=\"eleicao-de-delegados\">EquipaCoop<\/h2>\n\n\n\n<p style=\"font-size:15px\">Em Setembro, a pandemia e o home office exigiram que nossas casas estivessem melhores adaptadas para trabalho e estudos, tanto para adultos como crian\u00e7as. Pensando nisso, a CoopCargill criou uma nova linha de cr\u00e9dito para ajudar quem precisa de novos equipamentos e mob\u00edlias.<\/p>\n\n\n\n<p style=\"font-size:15px\">A linha de cr\u00e9dito EQUIPACOOP tem 0% de juros e prazo limitado para solicita\u00e7\u00f5es. \u00c9 a nossa Cooperativa ajudando voc\u00ea a adequar e equipar sua resid\u00eancia.<\/p>\n<\/div>\n\n\n\n<div class=\"wp-block-column is-vertically-aligned-center is-layout-flow wp-block-column-is-layout-flow\">\n<div class=\"wp-block-image\"><figure class=\"aligncenter size-full is-resized\"><img loading=\"lazy\" decoding=\"async\" src=\"https:\/\/desenvolvimento.midiasim.net.br\/relatorioanual\/wp-content\/uploads\/2022\/02\/relatorio_layout_2.png\" alt=\"\" class=\"wp-image-922\" width=\"332\" height=\"332\" srcset=\"https:\/\/coopcargill.com.br\/relatorioanual\/wp-content\/uploads\/2022\/02\/relatorio_layout_2.png 712w, https:\/\/coopcargill.com.br\/relatorioanual\/wp-content\/uploads\/2022\/02\/relatorio_layout_2-600x600.png 600w\" sizes=\"auto, (max-width: 332px) 100vw, 332px\" \/><\/figure><\/div>\n<\/div>\n<\/div>\n\n\n\n<div class=\"wp-block-columns is-layout-flex wp-container-core-columns-is-layout-9d6595d7 wp-block-columns-is-layout-flex\">\n<div class=\"wp-block-column is-layout-flow wp-block-column-is-layout-flow\" style=\"flex-basis:66.66%\"><\/div>\n\n\n\n<div class=\"wp-block-column is-layout-flow wp-block-column-is-layout-flow\" style=\"flex-basis:33.33%\"><\/div>\n<\/div>\n\n\n\n<h2 class=\"wp-block-heading\" id=\"um-minuto\"><strong>Fortunato<\/strong><\/h2>\n\n\n\n<div class=\"wp-block-columns is-layout-flex wp-container-core-columns-is-layout-9d6595d7 wp-block-columns-is-layout-flex\">\n<div class=\"wp-block-column is-layout-flow wp-block-column-is-layout-flow\" style=\"flex-basis:66.66%\">\n<p style=\"font-size:15px\">Ainda em Setembro, o Fortunato ganhou um novo visual e mais funcionalidades! Ap\u00f3s um breve per\u00edodo de aperfei\u00e7oamento, nosso assistente virtual, Fortunato, retornou para prestar melhor atendimento aos Cooperados CoopCargill.<\/p>\n\n\n\n<p style=\"font-size:15px\">Equipado com tecnologia de intelig\u00eancia artificial IBM Watson, intera\u00e7\u00f5es em linguagem natural, op\u00e7\u00e3o de intera\u00e7\u00e3o por texto ou por voz, curadoria dedicada para atualiza\u00e7\u00e3o constante de todos os assuntos da CoopCargill e um visual repaginado.<\/p>\n\n\n\n<p style=\"font-size:15px\">E as pr\u00f3ximas evolu\u00e7\u00f5es do nosso assistente virtual ser\u00e3o feitas<br>junto com voc\u00ea. A cada nova intera\u00e7\u00e3o, nosso assistente virtual se desenvolve e se aperfei\u00e7oa.<\/p>\n<\/div>\n\n\n\n<div class=\"wp-block-column is-layout-flow wp-block-column-is-layout-flow\" style=\"flex-basis:33.33%\">\n<figure class=\"wp-block-image size-full\"><img loading=\"lazy\" decoding=\"async\" width=\"580\" height=\"580\" src=\"https:\/\/desenvolvimento.midiasim.net.br\/relatorioanual\/wp-content\/uploads\/2022\/03\/580x580px.png\" alt=\"\" class=\"wp-image-924\"\/><\/figure>\n<\/div>\n<\/div>\n\n\n\n<p style=\"font-size:15px\">Desde a atualiza\u00e7\u00e3o do Fortunato, j\u00e1 foram realizados cerca de 1080 atendimentos, com cerca de 5.053 respostas. \u00c9 a tecnologia e a coopera\u00e7\u00e3o caminhando juntas, para oferecer o melhor atendimento para voc\u00ea, Cooperado CoopCargill.<\/p>\n\n\n\n<div class=\"wp-block-columns is-layout-flex wp-container-core-columns-is-layout-9d6595d7 wp-block-columns-is-layout-flex\">\n<div class=\"wp-block-column is-layout-flow wp-block-column-is-layout-flow\" style=\"flex-basis:66.66%\"><\/div>\n\n\n\n<div class=\"wp-block-column is-layout-flow wp-block-column-is-layout-flow\" style=\"flex-basis:33.33%\"><\/div>\n<\/div>\n\n\n\n<h2 class=\"wp-block-heading\"><strong>Dia Internacional do Cooperativismo de Cr\u00e9dito<\/strong><\/h2>\n\n\n\n<div class=\"wp-block-columns is-layout-flex wp-container-core-columns-is-layout-9d6595d7 wp-block-columns-is-layout-flex\">\n<div class=\"wp-block-column is-layout-flow wp-block-column-is-layout-flow\" style=\"flex-basis:33.33%\">\n<div class=\"wp-block-image\"><figure class=\"aligncenter size-full is-resized\"><img loading=\"lazy\" decoding=\"async\" src=\"https:\/\/desenvolvimento.midiasim.net.br\/relatorioanual\/wp-content\/uploads\/2022\/02\/SITE-CoopCredito_22.png\" alt=\"\" class=\"wp-image-925\" width=\"280\" height=\"275\" srcset=\"https:\/\/coopcargill.com.br\/relatorioanual\/wp-content\/uploads\/2022\/02\/SITE-CoopCredito_22.png 712w, https:\/\/coopcargill.com.br\/relatorioanual\/wp-content\/uploads\/2022\/02\/SITE-CoopCredito_22-613x600.png 613w\" sizes=\"auto, (max-width: 280px) 100vw, 280px\" \/><\/figure><\/div>\n<\/div>\n\n\n\n<div class=\"wp-block-column is-layout-flow wp-block-column-is-layout-flow\" style=\"flex-basis:470px\">\n<p style=\"font-size:15px\">Em 2021 n\u00f3s comemoramos essa data super especial! O Cooperativismo de cr\u00e9dito \u00e9 um movimento criado e administrado por funcion\u00e1rios, como voc\u00ea. Em uma Cooperativa, todos que nela participam s\u00e3o seus donos. As Cooperativas n\u00e3o visam lucros, dessa maneira, protegem seus interesses financeiros e o seu bem-estar. A CoopCargill est\u00e1 dando for\u00e7a a esse movimento!<\/p>\n\n\n\n<p style=\"font-size:15px\">Somos uma Cooperativa de Cr\u00e9dito, que vem trabalhando muito para garantir os melhores rendimentos e linhas de cr\u00e9dito para voc\u00ea e sua fam\u00edlia.<\/p>\n<\/div>\n<\/div>\n\n\n\n<div class=\"wp-block-columns is-layout-flex wp-container-core-columns-is-layout-9d6595d7 wp-block-columns-is-layout-flex\">\n<div class=\"wp-block-column is-layout-flow wp-block-column-is-layout-flow\" style=\"flex-basis:66.66%\"><\/div>\n\n\n\n<div class=\"wp-block-column is-layout-flow wp-block-column-is-layout-flow\" style=\"flex-basis:33.33%\"><\/div>\n<\/div>\n\n\n\n<div class=\"wp-block-columns is-layout-flex wp-container-core-columns-is-layout-9d6595d7 wp-block-columns-is-layout-flex\">\n<div class=\"wp-block-column is-layout-flow wp-block-column-is-layout-flow\" style=\"flex-basis:470px\">\n<h2 class=\"wp-block-heading\">App CoopCargill<\/h2>\n\n\n\n<p style=\"font-size:15px\">A CoopCargill tem um App! Nele, voc\u00ea pode saldos, extratos, consultar o seu capital social, juros, sobras, investimentos, opera\u00e7\u00f5es de cr\u00e9dito, solicitar empr\u00e9stimos, consultar, cancelar e verificar propostas, al\u00e9m de encontrar informa\u00e7\u00f5es sobre seus dados, al\u00e9m de mensagens enviadas pela CoopCargill.<\/p>\n\n\n\n<p style=\"font-size:15px\">Voc\u00ea pode baixar o app na Google Play e na Apple Store! Conecte-se com a sua Cooperativa em qualquer lugar, de forma r\u00e1pida e simples. Essa \u00e9 a sua cooperativa mais moderna e tecnol\u00f3gica.<\/p>\n<\/div>\n\n\n\n<div class=\"wp-block-column is-layout-flow wp-block-column-is-layout-flow\" style=\"flex-basis:33.33%\">\n<div class=\"wp-block-image\"><figure class=\"alignright size-large is-resized\"><img loading=\"lazy\" decoding=\"async\" src=\"https:\/\/desenvolvimento.midiasim.net.br\/relatorioanual\/wp-content\/uploads\/2022\/02\/shutterstock_552299920-1024x684.jpg\" alt=\"\" class=\"wp-image-926\" width=\"308\" height=\"206\" srcset=\"https:\/\/coopcargill.com.br\/relatorioanual\/wp-content\/uploads\/2022\/02\/shutterstock_552299920-1024x684.jpg 1024w, https:\/\/coopcargill.com.br\/relatorioanual\/wp-content\/uploads\/2022\/02\/shutterstock_552299920-800x534.jpg 800w, https:\/\/coopcargill.com.br\/relatorioanual\/wp-content\/uploads\/2022\/02\/shutterstock_552299920-768x513.jpg 768w, https:\/\/coopcargill.com.br\/relatorioanual\/wp-content\/uploads\/2022\/02\/shutterstock_552299920-1536x1026.jpg 1536w, https:\/\/coopcargill.com.br\/relatorioanual\/wp-content\/uploads\/2022\/02\/shutterstock_552299920-2048x1368.jpg 2048w\" sizes=\"auto, (max-width: 308px) 100vw, 308px\" \/><\/figure><\/div>\n<\/div>\n<\/div>\n\n\n\n<div class=\"wp-block-columns is-layout-flex wp-container-core-columns-is-layout-9d6595d7 wp-block-columns-is-layout-flex\">\n<div class=\"wp-block-column is-layout-flow wp-block-column-is-layout-flow\"><\/div>\n<\/div>\n\n\n\n<div class=\"wp-block-columns is-layout-flex wp-container-core-columns-is-layout-9d6595d7 wp-block-columns-is-layout-flex\">\n<div class=\"wp-block-column is-layout-flow wp-block-column-is-layout-flow\">\n<figure class=\"wp-block-image size-large\"><img loading=\"lazy\" decoding=\"async\" width=\"1024\" height=\"138\" src=\"https:\/\/desenvolvimento.midiasim.net.br\/relatorioanual\/wp-content\/uploads\/2022\/02\/SITE-CoopCredito3_22-1024x138.png\" alt=\"\" class=\"wp-image-928\" srcset=\"https:\/\/coopcargill.com.br\/relatorioanual\/wp-content\/uploads\/2022\/02\/SITE-CoopCredito3_22-1024x138.png 1024w, https:\/\/coopcargill.com.br\/relatorioanual\/wp-content\/uploads\/2022\/02\/SITE-CoopCredito3_22-800x108.png 800w, https:\/\/coopcargill.com.br\/relatorioanual\/wp-content\/uploads\/2022\/02\/SITE-CoopCredito3_22-768x103.png 768w, https:\/\/coopcargill.com.br\/relatorioanual\/wp-content\/uploads\/2022\/02\/SITE-CoopCredito3_22-1536x207.png 1536w, https:\/\/coopcargill.com.br\/relatorioanual\/wp-content\/uploads\/2022\/02\/SITE-CoopCredito3_22.png 2006w\" sizes=\"auto, (max-width: 1024px) 100vw, 1024px\" \/><\/figure>\n<\/div>\n<\/div>\n\n\n\n<div class=\"wp-block-columns is-layout-flex wp-container-core-columns-is-layout-9d6595d7 wp-block-columns-is-layout-flex\">\n<div class=\"wp-block-column is-layout-flow wp-block-column-is-layout-flow\"><\/div>\n<\/div>\n\n\n\n<div class=\"wp-block-columns is-layout-flex wp-container-core-columns-is-layout-9d6595d7 wp-block-columns-is-layout-flex\">\n<div class=\"wp-block-column is-layout-flow wp-block-column-is-layout-flow\" style=\"flex-basis:33.33%\">\n<div class=\"wp-block-image\"><figure class=\"alignright size-large is-resized\"><img loading=\"lazy\" decoding=\"async\" src=\"https:\/\/desenvolvimento.midiasim.net.br\/relatorioanual\/wp-content\/uploads\/2022\/02\/wpp_programacao-432x768.png\" alt=\"\" class=\"wp-image-929\" width=\"267\" height=\"474\" srcset=\"https:\/\/coopcargill.com.br\/relatorioanual\/wp-content\/uploads\/2022\/02\/wpp_programacao-432x768.png 432w, https:\/\/coopcargill.com.br\/relatorioanual\/wp-content\/uploads\/2022\/02\/wpp_programacao-338x600.png 338w, https:\/\/coopcargill.com.br\/relatorioanual\/wp-content\/uploads\/2022\/02\/wpp_programacao-768x1365.png 768w, https:\/\/coopcargill.com.br\/relatorioanual\/wp-content\/uploads\/2022\/02\/wpp_programacao-864x1536.png 864w, https:\/\/coopcargill.com.br\/relatorioanual\/wp-content\/uploads\/2022\/02\/wpp_programacao.png 1080w\" sizes=\"auto, (max-width: 267px) 100vw, 267px\" \/><\/figure><\/div>\n<\/div>\n\n\n\n<div class=\"wp-block-column is-layout-flow wp-block-column-is-layout-flow\" style=\"flex-basis:66.66%\">\n<h2 class=\"wp-block-heading\">AGO 2021<\/h2>\n\n\n\n<p style=\"font-size:15px\">Em 19 de mar\u00e7o, delegados, Cooperados e diretores se reuniram para realizar o balan\u00e7o de 2020 e tomar decis\u00f5es importantes para 2021. Apesar da pandemia, a CoopCargill apresentou bons resultados e atingiu seus objetivos. Pela primeira vez, o evento foi 100% online para a seguran\u00e7a de todos.<\/p>\n\n\n\n<p style=\"font-size:15px\">Alexandre Muniz, Diretor Presidente da CoopCargill, comenta sobre os resultados: \u201cEste trabalho integrado permitiu que realiz\u00e1ssemos investimentos em tecnologia, como por exemplo, uma central de atendimento virtual, aplicativo e game para uma maior intera\u00e7\u00e3o com os Cooperados e tamb\u00e9m investimos em educa\u00e7\u00e3o financeira, com palestras online e atendimento remoto.\u2019\u2019<\/p>\n\n\n\n<p style=\"font-size:15px\">A delegada \u00c2ngela Ferreira Campos, de Goi\u00e2nia, tamb\u00e9m traz reflex\u00f5es sobre os resultados da AGO: \u201cObservei que estamos tendo muito mais procura por parte das pessoas, que est\u00e3o buscando nossa orienta\u00e7\u00e3o para investimentos, sobre como poupar da maneira certa ou receber assist\u00eancia e tirar d\u00favidas. A Cooperativa \u00e9 uma institui\u00e7\u00e3o que nos ajuda muito com a economia dom\u00e9stica, e al\u00e9m disso, todos n\u00f3s al\u00e9m de Cooperados, somos donos dela. Um ajudando o outro. \u2018\u2019 comenta a delegada.<\/p>\n<\/div>\n<\/div>\n\n\n\n<div class=\"wp-block-columns is-layout-flex wp-container-core-columns-is-layout-9d6595d7 wp-block-columns-is-layout-flex\">\n<div class=\"wp-block-column is-layout-flow wp-block-column-is-layout-flow\"><\/div>\n<\/div>\n\n\n\n<div class=\"wp-block-columns is-layout-flex wp-container-core-columns-is-layout-9d6595d7 wp-block-columns-is-layout-flex\">\n<div class=\"wp-block-column is-layout-flow wp-block-column-is-layout-flow\" style=\"flex-basis:66.66%\">\n<h2 class=\"wp-block-heading\">Programa Sa\u00fade do Bolso<\/h2>\n\n\n\n<p style=\"font-size:15px\">O Programa de Educa\u00e7\u00e3o Financeira da CoopCargill oferece ferramentas para que voc\u00ea coloque a Sa\u00fade do seu Bolso em dia, planeje-se para o futuro e alcance seus objetivos.<\/p>\n\n\n\n<p style=\"font-size:15px\">Em 2021 o programa continuou a levar educa\u00e7\u00e3o financeira para os Cooperados e suas fam\u00edlias, com v\u00e1rias a\u00e7\u00f5es virtuais em parceria com a expert Daniela Godinho.<\/p>\n\n\n\n<p style=\"font-size:15px\">Palestras:<br>Foram realizadas palestras online para todos os funcion\u00e1rios e gestores da Cargill. Tamb\u00e9m palestramos para as ONGs parceiras, com o apoio com a Funda\u00e7\u00e3o Cargill.<\/p>\n<\/div>\n\n\n\n<div class=\"wp-block-column is-layout-flow wp-block-column-is-layout-flow\" style=\"flex-basis:33.33%\">\n<div class=\"wp-block-image\"><figure class=\"alignright size-full is-resized\"><img loading=\"lazy\" decoding=\"async\" src=\"https:\/\/desenvolvimento.midiasim.net.br\/relatorioanual\/wp-content\/uploads\/2022\/02\/SITE-CoopCredito5_22.png\" alt=\"\" class=\"wp-image-930\" width=\"279\" height=\"298\" srcset=\"https:\/\/coopcargill.com.br\/relatorioanual\/wp-content\/uploads\/2022\/02\/SITE-CoopCredito5_22.png 712w, https:\/\/coopcargill.com.br\/relatorioanual\/wp-content\/uploads\/2022\/02\/SITE-CoopCredito5_22-561x600.png 561w\" sizes=\"auto, (max-width: 279px) 100vw, 279px\" \/><\/figure><\/div>\n<\/div>\n<\/div>\n\n\n\n<p style=\"font-size:15px\">Ao todo, foram mais de 1.000 pessoas que participaram das a\u00e7\u00f5es de educa\u00e7\u00e3o financeira.<\/p>\n\n\n\n<p style=\"font-size:15px\">Cl\u00ednica Financeira:<br>A CoopCargill oferece a Cl\u00ednica Financeira Individual, um atendimento personalizado, sigiloso e gratuito para todos os funcion\u00e1rios da Cargill, que \u00e9 realizado via Teams, Skype ou Telefone. Em 2021, foram realizados 258 atendimentos com funcion\u00e1rios de todo Brasil.<\/p>\n\n\n\n<div class=\"wp-block-columns is-layout-flex wp-container-core-columns-is-layout-9d6595d7 wp-block-columns-is-layout-flex\">\n<div class=\"wp-block-column is-layout-flow wp-block-column-is-layout-flow\">\n<figure class=\"wp-block-image size-large\"><img loading=\"lazy\" decoding=\"async\" width=\"1024\" height=\"361\" src=\"https:\/\/desenvolvimento.midiasim.net.br\/relatorioanual\/wp-content\/uploads\/2022\/02\/SITE-CoopCredito6_22-1024x361.png\" alt=\"\" class=\"wp-image-931\" srcset=\"https:\/\/coopcargill.com.br\/relatorioanual\/wp-content\/uploads\/2022\/02\/SITE-CoopCredito6_22-1024x361.png 1024w, https:\/\/coopcargill.com.br\/relatorioanual\/wp-content\/uploads\/2022\/02\/SITE-CoopCredito6_22-800x282.png 800w, https:\/\/coopcargill.com.br\/relatorioanual\/wp-content\/uploads\/2022\/02\/SITE-CoopCredito6_22-768x271.png 768w, https:\/\/coopcargill.com.br\/relatorioanual\/wp-content\/uploads\/2022\/02\/SITE-CoopCredito6_22-1536x542.png 1536w, https:\/\/coopcargill.com.br\/relatorioanual\/wp-content\/uploads\/2022\/02\/SITE-CoopCredito6_22.png 2008w\" sizes=\"auto, (max-width: 1024px) 100vw, 1024px\" \/><\/figure>\n<\/div>\n<\/div>\n\n\n\n<div class=\"wp-block-columns is-layout-flex wp-container-core-columns-is-layout-9d6595d7 wp-block-columns-is-layout-flex\">\n<div class=\"wp-block-column is-layout-flow wp-block-column-is-layout-flow\"><\/div>\n\n\n\n<div class=\"wp-block-column is-layout-flow wp-block-column-is-layout-flow\"><\/div>\n<\/div>\n","protected":false},"excerpt":{"rendered":"<p>Em 2021 foram muitas novidades e mudan\u00e7as! Conhe\u00e7a as principais delas: TAC \u2013 Taxa de abertura de Cr\u00e9dito. A partir [&hellip;]<\/p>\n","protected":false},"author":1,"featured_media":557,"comment_status":"open","ping_status":"open","sticky":false,"template":"","format":"standard","meta":{"footnotes":""},"categories":[15],"tags":[],"class_list":["post-536","post","type-post","status-publish","format-standard","has-post-thumbnail","hentry","category-blog"],"_links":{"self":[{"href":"https:\/\/coopcargill.com.br\/relatorioanual\/wp-json\/wp\/v2\/posts\/536","targetHints":{"allow":["GET"]}}],"collection":[{"href":"https:\/\/coopcargill.com.br\/relatorioanual\/wp-json\/wp\/v2\/posts"}],"about":[{"href":"https:\/\/coopcargill.com.br\/relatorioanual\/wp-json\/wp\/v2\/types\/post"}],"author":[{"embeddable":true,"href":"https:\/\/coopcargill.com.br\/relatorioanual\/wp-json\/wp\/v2\/users\/1"}],"replies":[{"embeddable":true,"href":"https:\/\/coopcargill.com.br\/relatorioanual\/wp-json\/wp\/v2\/comments?post=536"}],"version-history":[{"count":46,"href":"https:\/\/coopcargill.com.br\/relatorioanual\/wp-json\/wp\/v2\/posts\/536\/revisions"}],"predecessor-version":[{"id":944,"href":"https:\/\/coopcargill.com.br\/relatorioanual\/wp-json\/wp\/v2\/posts\/536\/revisions\/944"}],"wp:featuredmedia":[{"embeddable":true,"href":"https:\/\/coopcargill.com.br\/relatorioanual\/wp-json\/wp\/v2\/media\/557"}],"wp:attachment":[{"href":"https:\/\/coopcargill.com.br\/relatorioanual\/wp-json\/wp\/v2\/media?parent=536"}],"wp:term":[{"taxonomy":"category","embeddable":true,"href":"https:\/\/coopcargill.com.br\/relatorioanual\/wp-json\/wp\/v2\/categories?post=536"},{"taxonomy":"post_tag","embeddable":true,"href":"https:\/\/coopcargill.com.br\/relatorioanual\/wp-json\/wp\/v2\/tags?post=536"}],"curies":[{"name":"wp","href":"https:\/\/api.w.org\/{rel}","templated":true}]}}