{"id":669,"date":"2022-02-14T15:53:05","date_gmt":"2022-02-14T18:53:05","guid":{"rendered":"https:\/\/desenvolvimento.midiasim.net.br\/relatorioanual\/?p=669"},"modified":"2022-02-15T16:35:21","modified_gmt":"2022-02-15T19:35:21","slug":"parecer-do-conselho-fiscal","status":"publish","type":"post","link":"https:\/\/coopcargill.com.br\/relatorioanual\/parecer-do-conselho-fiscal\/","title":{"rendered":"Parecer do Conselho Fiscal"},"content":{"rendered":"\n<p style=\"font-size:15px\">O Conselho Fiscal da <strong>COOPERATIVA DE ECONOMIA E CR\u00c9DITO M\u00daTUO DOS FUNCION\u00c1RIOS DA CARGILL<\/strong>, por seu coordenador abaixo identificado, tendo em vista os resultados das reuni\u00f5es de verifica\u00e7\u00e3o realizadas no decorrer do exerc\u00edcio de 2020, para os fins previstos no Artigo 96 e incisos do Estatuto Social, e ap\u00f3s examinar os documentos que comp\u00f5em o BALAN\u00c7O GERAL encerrado em 31 de dezembro de 2020, bem como da Demonstra\u00e7\u00e3o de &#8220;SOBRAS OU PERDAS&#8221;, constatou-se que:<\/p>\n\n\n\n<ol class=\"wp-block-list\" style=\"font-size:15px\"><li>As escritura\u00e7\u00f5es cont\u00e1beis e fiscais est\u00e3o em perfeita ordem;<\/li><li>As despesas realizadas, autorizadas pela Diretora Executiva encontram-se dentro das necessidades e possibilidades da Cooperativa e est\u00e3o devidamente documentadas;<\/li><li>Os valores utilizados do Fundo de Assist\u00eancia T\u00e9cnica, Educacional e Social (FATES), conforme decis\u00e3o da Diretora Executiva foram aprovadas por este Conselho, e est\u00e3o devidamente documentados;<\/li><li>Todos os compromissos com terceiros encontram-se rigorosamente em dia;<\/li><li>Os empr\u00e9stimos foram concedidos de acordo com regras estabelecidas e aprovadas pela Diretoria Executiva;<\/li><li>Cr\u00e9ditos a receber em atraso, est\u00e3o sendo cobrados corretamente, por meio de vias administrativas e judiciais.<\/li><\/ol>\n\n\n\n<p style=\"font-size:15px\">V\u00e1rias quest\u00f5es de ordem administrativa foram por n\u00f3s tratadas com a Cooperativa, que as explicou e a contento, adotou conforme o caso, as provid\u00eancias recomendadas para a sua solu\u00e7\u00e3o.<\/p>\n\n\n\n<p style=\"font-size:15px\"><strong>Dado o exposto, recomendamos a aprova\u00e7\u00e3o do Balan\u00e7o Geral e Demonstra\u00e7\u00f5es de Resultado de &#8220;Sobras ou Perdas&#8221; do exerc\u00edcio findo de 2020, pela Assembleia Geral Ordin\u00e1ria.<\/strong><\/p>\n\n\n\n<p class=\"has-text-align-center\" style=\"font-size:15px\">S<em>\u00e3o Paulo, 18 de fevereiro de 2021<\/em><\/p>\n\n\n\n<p class=\"has-text-align-center has-medium-font-size\"><strong>Andreia Lima de Deus<\/strong><\/p>\n\n\n\n<p class=\"has-text-align-center\">Conselheira Efetiva &#8211; Coordenadora<\/p>\n","protected":false},"excerpt":{"rendered":"<p>O Conselho Fiscal da COOPERATIVA DE ECONOMIA E CR\u00c9DITO M\u00daTUO DOS FUNCION\u00c1RIOS DA CARGILL, por seu coordenador abaixo identificado, tendo [&hellip;]<\/p>\n","protected":false},"author":1,"featured_media":16,"comment_status":"open","ping_status":"open","sticky":false,"template":"","format":"standard","meta":{"footnotes":""},"categories":[15],"tags":[],"class_list":["post-669","post","type-post","status-publish","format-standard","has-post-thumbnail","hentry","category-blog"],"_links":{"self":[{"href":"https:\/\/coopcargill.com.br\/relatorioanual\/wp-json\/wp\/v2\/posts\/669","targetHints":{"allow":["GET"]}}],"collection":[{"href":"https:\/\/coopcargill.com.br\/relatorioanual\/wp-json\/wp\/v2\/posts"}],"about":[{"href":"https:\/\/coopcargill.com.br\/relatorioanual\/wp-json\/wp\/v2\/types\/post"}],"author":[{"embeddable":true,"href":"https:\/\/coopcargill.com.br\/relatorioanual\/wp-json\/wp\/v2\/users\/1"}],"replies":[{"embeddable":true,"href":"https:\/\/coopcargill.com.br\/relatorioanual\/wp-json\/wp\/v2\/comments?post=669"}],"version-history":[{"count":5,"href":"https:\/\/coopcargill.com.br\/relatorioanual\/wp-json\/wp\/v2\/posts\/669\/revisions"}],"predecessor-version":[{"id":867,"href":"https:\/\/coopcargill.com.br\/relatorioanual\/wp-json\/wp\/v2\/posts\/669\/revisions\/867"}],"wp:featuredmedia":[{"embeddable":true,"href":"https:\/\/coopcargill.com.br\/relatorioanual\/wp-json\/wp\/v2\/media\/16"}],"wp:attachment":[{"href":"https:\/\/coopcargill.com.br\/relatorioanual\/wp-json\/wp\/v2\/media?parent=669"}],"wp:term":[{"taxonomy":"category","embeddable":true,"href":"https:\/\/coopcargill.com.br\/relatorioanual\/wp-json\/wp\/v2\/categories?post=669"},{"taxonomy":"post_tag","embeddable":true,"href":"https:\/\/coopcargill.com.br\/relatorioanual\/wp-json\/wp\/v2\/tags?post=669"}],"curies":[{"name":"wp","href":"https:\/\/api.w.org\/{rel}","templated":true}]}}