{"id":672,"date":"2022-02-14T16:06:31","date_gmt":"2022-02-14T19:06:31","guid":{"rendered":"https:\/\/desenvolvimento.midiasim.net.br\/relatorioanual\/?p=672"},"modified":"2022-03-31T15:40:27","modified_gmt":"2022-03-31T18:40:27","slug":"relatorio-do-auditor-independente","status":"publish","type":"post","link":"https:\/\/coopcargill.com.br\/relatorioanual\/relatorio-do-auditor-independente\/","title":{"rendered":"Relat\u00f3rio do Auditor Independente"},"content":{"rendered":"\n<p style=\"font-size:15px\"><strong>DEMONSTRA\u00c7\u00d5ES FINANCEIRAS ENCERRADAS EM 31 DE DEZEMBRO DE 2020 (DE ACORDO COM AS PR\u00c1TICAS CONT\u00c1BEIS ADOTADAS NO BRASIL, APLIC\u00c1VEIS \u00c0S INSTITUI\u00c7\u00d5ES FINANCEIRAS AUTORIZADAS A FUNCIONAR PELO BANCO CENTRAL DO BRASIL \u2013 BACEN)<\/strong><\/p>\n\n\n\n<h2 class=\"wp-block-heading\" id=\"relatorio-do-auditor-independente\">Relat\u00f3rio do Auditor Independente<\/h2>\n\n\n\n<p style=\"font-size:15px\">Ilmos. Srs. Diretores e Associados da COOPERATIVA DE ECONOMIA E CR\u00c9DITO M\u00daTUO DOS FUNCION\u00c1RIOS DA CARGILL &#8211; S\u00e3o Paulo &#8211; SP<\/p>\n\n\n\n<h2 class=\"wp-block-heading\" id=\"opiniao\">Opini\u00e3o<\/h2>\n\n\n\n<p style=\"font-size:15px\">Examinamos as demonstra\u00e7\u00f5es financeiras da COOPERATIVA DE ECONOMIA E CR\u00c9DITO M\u00daTUO DOS <\/p>\n\n\n\n<p style=\"font-size:15px\">Examinamos as demonstra\u00e7\u00f5es financeiras da COOPERATIVA DE ECONOMIA E CR\u00c9DITO M\u00daTUO DOS FUNCION\u00c1RIOS DA CARGILL, que compreendem o balan\u00e7o patrimonial em 31 de dezembro de 2020 e as respectivas demonstra\u00e7\u00f5es de sobras ou perdas, de resultados abrangentes, das muta\u00e7\u00f5es do patrim\u00f4nio l\u00edquido e dos fluxos de caixa para o semestre e exerc\u00edcio findos nessa data, bem como as correspondentes notas explicativas, incluindo o resumo das principais pol\u00edticas cont\u00e1beis.<\/p>\n\n\n\n<p style=\"font-size:15px\">Em nossa opini\u00e3o, as demonstra\u00e7\u00f5es financeiras acima referidas apresentam adequadamente, em todos os aspectos relevantes, a posi\u00e7\u00e3o patrimonial e financeira da COOPERATIVA DE ECONOMIA E CR\u00c9DITO M\u00daTUO DOS FUNCION\u00c1RIOS DA CARGILL em 31 de dezembro de 2020, o desempenho de suas opera\u00e7\u00f5es e os seus fluxos de caixa para o semestre e exerc\u00edcio findo nessa data, de acordo com as pr\u00e1ticas cont\u00e1beis adotadas no Brasil, aplic\u00e1veis \u00e0s institui\u00e7\u00f5es autorizadas a funcionar pelo Banco Central do Brasil \u2013 BACEN.<\/p>\n\n\n\n<h2 class=\"wp-block-heading\" id=\"base-para-opiniao-sobre-as-demonstracoes-financeiras\">Base para opini\u00e3o sobre as demonstra\u00e7\u00f5es financeiras<\/h2>\n\n\n\n<p style=\"font-size:15px\">Nossa auditoria foi conduzida de acordo com as normas brasileiras e internacionais de auditoria. Nossas responsabilidades, em conformidade com tais normas, est\u00e3o descritas na se\u00e7\u00e3o a seguir intitulada \u201cResponsabilidades do auditor pela auditoria das demonstra\u00e7\u00f5es financeiras\u201d. Somos independentes em rela\u00e7\u00e3o \u00e0 Cooperativa, de acordo com os princ\u00edpios \u00e9ticos relevantes previstos no C\u00f3digo de \u00c9tica Profissional do Contador e nas normas profissionais emitidas pelo Conselho Federal de Contabilidade, e cumprimos com as demais responsabilidades \u00e9ticas de acordo com essas normas. Acreditamos que a evid\u00eancia de auditoria obtida \u00e9 suficiente e apropriada para fundamentar nossa opini\u00e3o.<\/p>\n\n\n\n<h2 class=\"wp-block-heading\" id=\"responsabilidades-da-administracao-e-da-governanca-pelas-demonstracoes-financeiras\">Responsabilidades da administra\u00e7\u00e3o e da governan\u00e7a pelas demonstra\u00e7\u00f5es financeiras<\/h2>\n\n\n\n<p style=\"font-size:15px\">A administra\u00e7\u00e3o da Cooperativa \u00e9 respons\u00e1vel pela elabora\u00e7\u00e3o e adequada apresenta\u00e7\u00e3o das demonstra\u00e7\u00f5es financeiras de acordo com as pr\u00e1ticas cont\u00e1beis adotadas no Brasil aplic\u00e1veis \u00e0s institui\u00e7\u00f5es financeiras autorizadas a funcionar pelo Banco Central do Brasil &#8211; BACEN e pelos controles internos que ela determinou como necess\u00e1rios para permitir a elabora\u00e7\u00e3o de demonstra\u00e7\u00f5es financeiras livres de distor\u00e7\u00e3o relevante, independentemente se causada por fraude ou erro.<\/p>\n\n\n\n<p style=\"font-size:15px\">Na elabora\u00e7\u00e3o das demonstra\u00e7\u00f5es financeiras, a administra\u00e7\u00e3o \u00e9 respons\u00e1vel pela avalia\u00e7\u00e3o da capacidade de a Cooperativa continuar operando, divulgando, quando aplic\u00e1vel, os assuntos relacionados com a sua continuidade operacional e o uso dessa base cont\u00e1bil na elabora\u00e7\u00e3o das demonstra\u00e7\u00f5es financeiras, a n\u00e3o ser que a administra\u00e7\u00e3o pretenda liquidar a Cooperativa ou cessar suas opera\u00e7\u00f5es, ou n\u00e3o tenha nenhuma alternativa realista para evitar o encerramento das opera\u00e7\u00f5es.<\/p>\n\n\n\n<p style=\"font-size:15px\">Os respons\u00e1veis pela governan\u00e7a da Cooperativa s\u00e3o aqueles com responsabilidade pela supervis\u00e3o do processo de elabora\u00e7\u00e3o das demonstra\u00e7\u00f5es financeiras.<\/p>\n\n\n\n<h2 class=\"wp-block-heading\" id=\"responsabilidades-do-auditor-pela-auditoria-das-demonstracoes-financeiras\">Responsabilidades do auditor pela auditoria das demonstra\u00e7\u00f5es financeiras<\/h2>\n\n\n\n<p style=\"font-size:15px\">Nossos objetivos s\u00e3o obter seguran\u00e7a razo\u00e1vel de que as demonstra\u00e7\u00f5es financeiras, tomadas em conjunto, est\u00e3o livres de distor\u00e7\u00e3o relevante, independentemente se causada por fraude ou erro, e emitir relat\u00f3rio de auditoria contendo nossa opini\u00e3o. Seguran\u00e7a razo\u00e1vel \u00e9 um alto n\u00edvel de seguran\u00e7a, mas n\u00e3o uma garantia de que a auditoria realizada de acordo com as normas brasileiras e internacionais de auditoria sempre detectam as eventuais distor\u00e7\u00f5es relevantes existentes. As distor\u00e7\u00f5es podem ser decorrentes de fraude ou erro e s\u00e3o consideradas relevantes quando, individualmente ou em conjunto, possam influenciar, dentro de uma perspectiva razo\u00e1vel, as decis\u00f5es econ\u00f4micas dos usu\u00e1rios tomadas com base nas referidas demonstra\u00e7\u00f5es financeiras.<\/p>\n\n\n\n<p style=\"font-size:15px\">Como parte da auditoria realizada, de acordo com as normas brasileiras e internacionais de auditoria, exercemos julgamento profissional e mantemos ceticismo profissional ao longo da auditoria. Al\u00e9m disso:<\/p>\n\n\n\n<p style=\"font-size:15px\">Identificamos e avaliamos os riscos de distor\u00e7\u00e3o relevante nas demonstra\u00e7\u00f5es financeiras, independentemente se causada por fraude ou erro, planejamos e executamos procedimentos de auditoria em resposta a tais riscos, bem como obtemos evid\u00eancia de auditoria apropriada e suficiente para fundamentar nossa opini\u00e3o. O risco de n\u00e3o detec\u00e7\u00e3o de distor\u00e7\u00e3o relevante resultante de fraude \u00e9 maior do que o proveniente de erro, j\u00e1 que a fraude pode envolver o ato de burlar os controles internos, conluio, falsifica\u00e7\u00e3o, omiss\u00e3o ou representa\u00e7\u00f5es falsas intencionais.<\/p>\n\n\n\n<p style=\"font-size:15px\">Obtemos entendimento dos controles internos relevantes para a auditoria para planejarmos procedimentos de auditoria apropriados \u00e0s circunst\u00e2ncias, mas, n\u00e3o com o objetivo de expressarmos opini\u00e3o sobre a efic\u00e1cia dos controles internos<br>da Cooperativa.<\/p>\n\n\n\n<p style=\"font-size:15px\">Avaliamos a adequa\u00e7\u00e3o das pol\u00edticas cont\u00e1beis utilizadas e a razoabilidade das estimativas cont\u00e1beis e respectivas divulga\u00e7\u00f5es feitas pela administra\u00e7\u00e3o.<br>Conclu\u00edmos sobre a adequa\u00e7\u00e3o do uso, pela administra\u00e7\u00e3o, da base cont\u00e1bil de continuidade operacional e, com base nas evid\u00eancias de auditoria obtidas, se existe incerteza relevante em rela\u00e7\u00e3o a eventos ou condi\u00e7\u00f5es que possam levantar d\u00favida significativa em rela\u00e7\u00e3o \u00e0 capacidade de continuidade operacional da Cooperativa. Se concluirmos que existe incerteza relevante, devemos chamar aten\u00e7\u00e3o em nosso relat\u00f3rio de auditoria para as respectivas divulga\u00e7\u00f5es nas demonstra\u00e7\u00f5es financeiras ou incluir modifica\u00e7\u00e3o em nossa opini\u00e3o, se as divulga\u00e7\u00f5es forem inadequadas. Nossas conclus\u00f5es est\u00e3o fundamentadas nas evid\u00eancias de auditoria obtidas at\u00e9 a data de nosso relat\u00f3rio. Todavia, eventos ou condi\u00e7\u00f5es futuras podem levar a Cooperativa a n\u00e3o mais se manter em continuidade operacional.<\/p>\n\n\n\n<p style=\"font-size:15px\">Avaliamos a apresenta\u00e7\u00e3o geral, a estrutura e o conte\u00fado das demonstra\u00e7\u00f5es financeiras, inclusive as divulga\u00e7\u00f5es e se as demonstra\u00e7\u00f5es financeiras representam as correspondentes transa\u00e7\u00f5es e os eventos de maneira compat\u00edvel com o objetivo de apresenta\u00e7\u00e3o adequada.<\/p>\n\n\n\n<p style=\"font-size:15px\">Comunicamo-nos com os respons\u00e1veis pela governan\u00e7a a respeito, entre outros aspectos, do alcance planejado, da \u00e9poca da auditoria e das constata\u00e7\u00f5es significativas de auditoria, inclusive as eventuais defici\u00eancias significativas nos controles internos que identificamos durante nossos trabalhos.<\/p>\n\n\n\n<p><em><strong>S\u00e3o Paulo, 22 de fevereiro de 2021.<\/strong><\/em><\/p>\n\n\n\n<p><em><strong>PADR\u00c3O AUDITORIA S\/S<br>CRC-2SP 016.650\/O-7<br>O.C.B. n.\u00ba 669<\/strong><\/em><\/p>\n\n\n\n<p><strong><em>S\u00c9RGIO NOBORU OUTAKA<br>Contador CRC-1SP 129.531\/O-9<\/em><\/strong><\/p>\n","protected":false},"excerpt":{"rendered":"<p>DEMONSTRA\u00c7\u00d5ES FINANCEIRAS ENCERRADAS EM 31 DE DEZEMBRO DE 2020 (DE ACORDO COM AS PR\u00c1TICAS CONT\u00c1BEIS ADOTADAS NO BRASIL, APLIC\u00c1VEIS \u00c0S [&hellip;]<\/p>\n","protected":false},"author":1,"featured_media":893,"comment_status":"open","ping_status":"open","sticky":false,"template":"","format":"standard","meta":{"footnotes":""},"categories":[15],"tags":[],"class_list":["post-672","post","type-post","status-publish","format-standard","has-post-thumbnail","hentry","category-blog"],"_links":{"self":[{"href":"https:\/\/coopcargill.com.br\/relatorioanual\/wp-json\/wp\/v2\/posts\/672","targetHints":{"allow":["GET"]}}],"collection":[{"href":"https:\/\/coopcargill.com.br\/relatorioanual\/wp-json\/wp\/v2\/posts"}],"about":[{"href":"https:\/\/coopcargill.com.br\/relatorioanual\/wp-json\/wp\/v2\/types\/post"}],"author":[{"embeddable":true,"href":"https:\/\/coopcargill.com.br\/relatorioanual\/wp-json\/wp\/v2\/users\/1"}],"replies":[{"embeddable":true,"href":"https:\/\/coopcargill.com.br\/relatorioanual\/wp-json\/wp\/v2\/comments?post=672"}],"version-history":[{"count":6,"href":"https:\/\/coopcargill.com.br\/relatorioanual\/wp-json\/wp\/v2\/posts\/672\/revisions"}],"predecessor-version":[{"id":970,"href":"https:\/\/coopcargill.com.br\/relatorioanual\/wp-json\/wp\/v2\/posts\/672\/revisions\/970"}],"wp:featuredmedia":[{"embeddable":true,"href":"https:\/\/coopcargill.com.br\/relatorioanual\/wp-json\/wp\/v2\/media\/893"}],"wp:attachment":[{"href":"https:\/\/coopcargill.com.br\/relatorioanual\/wp-json\/wp\/v2\/media?parent=672"}],"wp:term":[{"taxonomy":"category","embeddable":true,"href":"https:\/\/coopcargill.com.br\/relatorioanual\/wp-json\/wp\/v2\/categories?post=672"},{"taxonomy":"post_tag","embeddable":true,"href":"https:\/\/coopcargill.com.br\/relatorioanual\/wp-json\/wp\/v2\/tags?post=672"}],"curies":[{"name":"wp","href":"https:\/\/api.w.org\/{rel}","templated":true}]}}